{"id":4848,"date":"2023-07-07T10:04:50","date_gmt":"2023-07-07T13:04:50","guid":{"rendered":"https:\/\/gopunta.uy\/noticias\/?p=4848"},"modified":"2023-07-07T10:04:51","modified_gmt":"2023-07-07T13:04:51","slug":"frances-co-el-emprendimiento-de-un-frances-radicado-en-punta-del-este","status":"publish","type":"post","link":"https:\/\/gopunta.uy\/noticias\/2023\/07\/07\/frances-co-el-emprendimiento-de-un-frances-radicado-en-punta-del-este\/","title":{"rendered":"FRANCES.CO: el emprendimiento de un franc\u00e9s radicado en Punta del Este"},"content":{"rendered":"\n<p>Romuald Chapuy es c\u00f3nsul honorario de Francia en Maldonado y empresario que hace m\u00e1s de 25 a\u00f1os encontr\u00f3 su hogar en las hermosas costas de Punta del Este. En la actualidad, el apasionado franc\u00e9s dirige uno de los establecimientos gastron\u00f3micos m\u00e1s destacados de la zona: FRANCES.CO.<\/p>\n\n\n\n<p>Se trata de una encantadora cafeter\u00eda ubicada en la Calle 20, precisamente en un local del ic\u00f3nico Edificio Biarritz. Chapuy y su esposa, Mar\u00eda Rosa, crearon all\u00ed mucho m\u00e1s que un lugar para disfrutar de deliciosas comidas y bebidas; sino que han construido un punto de encuentro donde los clientes se relajan, saborean las delicias locales, entablan conversaciones con los comensales vecinos y se sienten como en casa.<\/p>\n\n\n\n<p>El edificio que alberga FRANCES.CO tiene una rica historia que se remonta al a\u00f1o 1907, cuando fue inaugurado como un lujoso hotel que se destacaba por su magn\u00edfica arquitectura. Hoy en d\u00eda, transformado en un edificio conservado con esmero, evoca el encanto de los dorados a\u00f1os del siglo XX en Punta del Este.<\/p>\n\n\n\n<p>Sin embargo, la verdadera magia de FRANCES.CO radica en la alegr\u00eda y la atenci\u00f3n personalizada que se experimenta al entrar. Es com\u00fan ver a Romuald o Mar\u00eda Rosa compartiendo un caf\u00e9 o conversando amistosamente con los clientes, a quienes consideran y tratan como amigos.<\/p>\n\n\n\n<p>La cefeter\u00eda abre temprano por la ma\u00f1ana y desde entonces los aromas de los croissants reci\u00e9n horneados y las medialunas atraen a los visitantes. Entre las principales tentaciones de su men\u00fa se encuentran las t\u00edpicas baguettes francesas, que se pueden llevar, disfrutar en deliciosos s\u00e1ndwiches o simplemente tostar con manteca y miel. Para el almuerzo, las quiches son la elecci\u00f3n favorita, desde la cl\u00e1sica Quiche Lorraine hasta las de roquefort, queso y cebolla.<\/p>\n\n\n\n<p>Pero nadie mejor que Romuald para describir el coraz\u00f3n y la esencia de FRANCES.CO. \u00c9l afirma: \u00abEs simplemente lo mejor de Italia y de Francia. Comenzando con el caf\u00e9 Segafredo, de origen italiano, y lo mejor de Francia, como el pain du chocolat y algunas especialidades de reposter\u00eda italiana, que tambi\u00e9n son deliciosas. Pero, sobre todo, nuestro producto se basa en la excelencia de los ingredientes uruguayos, como una buena manteca y otros insumos de alta calidad, lo que nos permite ofrecer un producto noble con un savoir faire \u00fanico debido a esa excelente combinaci\u00f3n\u00bb.<\/p>\n\n\n\n<p>Fuente: Inversi\u00f3n y Turismo<\/p>\n\n\n\n<p><\/p>\n\n\n\n<figure class=\"wp-block-gallery has-nested-images columns-default is-cropped wp-block-gallery-1 is-layout-flex wp-block-gallery-is-layout-flex\">\n<figure class=\"wp-block-image size-large\"><img loading=\"lazy\" decoding=\"async\" width=\"953\" height=\"1024\" data-id=\"4854\" src=\"https:\/\/gopunta.uy\/noticias\/wp-content\/uploads\/2023\/06\/WhatsApp-Image-2023-06-19-at-15.55.30-1-953x1024.jpeg\" alt=\"\" class=\"wp-image-4854\" \/><\/figure>\n\n\n\n<figure class=\"wp-block-image size-large\"><img loading=\"lazy\" decoding=\"async\" width=\"918\" height=\"1024\" data-id=\"4852\" src=\"https:\/\/gopunta.uy\/noticias\/wp-content\/uploads\/2023\/06\/WhatsApp-Image-2023-06-19-at-15.55.30-918x1024.jpeg\" alt=\"\" class=\"wp-image-4852\" \/><\/figure>\n\n\n\n<figure class=\"wp-block-image size-large\"><img loading=\"lazy\" decoding=\"async\" width=\"822\" height=\"1024\" data-id=\"4853\" src=\"https:\/\/gopunta.uy\/noticias\/wp-content\/uploads\/2023\/06\/WhatsApp-Image-2023-06-19-at-15.55.29-1-822x1024.jpeg\" alt=\"\" class=\"wp-image-4853\" \/><\/figure>\n\n\n\n<figure class=\"wp-block-image size-large\"><img loading=\"lazy\" decoding=\"async\" width=\"821\" height=\"1024\" data-id=\"4851\" src=\"https:\/\/gopunta.uy\/noticias\/wp-content\/uploads\/2023\/06\/WhatsApp-Image-2023-06-19-at-15.55.29-821x1024.jpeg\" alt=\"\" class=\"wp-image-4851\" \/><\/figure>\n\n\n\n<figure class=\"wp-block-image size-large\"><img loading=\"lazy\" decoding=\"async\" width=\"1024\" height=\"1015\" data-id=\"4855\" src=\"https:\/\/gopunta.uy\/noticias\/wp-content\/uploads\/2023\/06\/WhatsApp-Image-2023-06-19-at-15.55.28-1-1024x1015.jpeg\" alt=\"\" class=\"wp-image-4855\" srcset=\"https:\/\/gopunta.uy\/noticias\/wp-content\/uploads\/2023\/06\/WhatsApp-Image-2023-06-19-at-15.55.28-1-1024x1015.jpeg 1024w, https:\/\/gopunta.uy\/noticias\/wp-content\/uploads\/2023\/06\/WhatsApp-Image-2023-06-19-at-15.55.28-1-980x972.jpeg 980w, https:\/\/gopunta.uy\/noticias\/wp-content\/uploads\/2023\/06\/WhatsApp-Image-2023-06-19-at-15.55.28-1-480x476.jpeg 480w\" sizes=\"(min-width: 0px) and (max-width: 480px) 480px, (min-width: 481px) and (max-width: 980px) 980px, (min-width: 981px) 1024px, 100vw\" \/><\/figure>\n\n\n\n<figure class=\"wp-block-image size-large\"><img loading=\"lazy\" decoding=\"async\" width=\"825\" height=\"1024\" data-id=\"4850\" src=\"https:\/\/gopunta.uy\/noticias\/wp-content\/uploads\/2023\/06\/WhatsApp-Image-2023-06-19-at-15.55.28-825x1024.jpeg\" alt=\"\" class=\"wp-image-4850\" \/><\/figure>\n\n\n\n<figure class=\"wp-block-image size-large\"><img loading=\"lazy\" decoding=\"async\" width=\"824\" height=\"1024\" data-id=\"4856\" src=\"https:\/\/gopunta.uy\/noticias\/wp-content\/uploads\/2023\/06\/WhatsApp-Image-2023-06-19-at-15.55.27-824x1024.jpeg\" alt=\"\" class=\"wp-image-4856\" \/><\/figure>\n<\/figure>\n\n\n\n<p><\/p>\n","protected":false},"excerpt":{"rendered":"<p>Romuald Chapuy es c\u00f3nsul honorario de Francia en Maldonado y empresario que hace m\u00e1s de 25 a\u00f1os encontr\u00f3 su hogar en las hermosas costas de Punta del Este. En la [&hellip;]<\/p>\n","protected":false},"author":3,"featured_media":4849,"comment_status":"closed","ping_status":"closed","sticky":false,"template":"","format":"standard","meta":{"_et_pb_use_builder":"","_et_pb_old_content":"","_et_gb_content_width":"","inline_featured_image":false,"_EventAllDay":false,"_EventTimezone":"","_EventStartDate":"","_EventEndDate":"","_EventStartDateUTC":"","_EventEndDateUTC":"","_EventShowMap":false,"_EventShowMapLink":false,"_EventURL":"","_EventCost":"","_EventCostDescription":"","_EventCurrencySymbol":"","_EventCurrencyCode":"","_EventCurrencyPosition":"","_EventDateTimeSeparator":"","_EventTimeRangeSeparator":"","_EventOrganizerID":[],"_EventVenueID":[],"_OrganizerEmail":"","_OrganizerPhone":"","_OrganizerWebsite":"","_VenueAddress":"","_VenueCity":"","_VenueCountry":"","_VenueProvince":"","_VenueState":"","_VenueZip":"","_VenuePhone":"","_VenueURL":"","_VenueStateProvince":"","_VenueLat":"","_VenueLng":"","_VenueShowMap":false,"_VenueShowMapLink":false,"footnotes":""},"categories":[6],"tags":[],"class_list":["post-4848","post","type-post","status-publish","format-standard","has-post-thumbnail","hentry","category-punta-del-este-maldonado"],"yoast_head":"<!-- This site is optimized with the Yoast SEO plugin v25.2 - https:\/\/yoast.com\/wordpress\/plugins\/seo\/ -->\n<title>FRANCES.CO: el emprendimiento de un franc\u00e9s radicado en Punta del Este<\/title>\n<meta name=\"robots\" content=\"index, follow, max-snippet:-1, max-image-preview:large, max-video-preview:-1\" \/>\n<link rel=\"canonical\" href=\"https:\/\/gopunta.uy\/noticias\/2023\/07\/07\/frances-co-el-emprendimiento-de-un-frances-radicado-en-punta-del-este\/\" \/>\n<meta property=\"og:locale\" content=\"es_ES\" \/>\n<meta property=\"og:type\" content=\"article\" \/>\n<meta property=\"og:title\" content=\"FRANCES.CO: el emprendimiento de un franc\u00e9s radicado en Punta del Este\" \/>\n<meta property=\"og:description\" content=\"Romuald Chapuy es c\u00f3nsul honorario de Francia en Maldonado y empresario que hace m\u00e1s de 25 a\u00f1os encontr\u00f3 su hogar en las hermosas costas de Punta del Este. En la [&hellip;]\" \/>\n<meta property=\"og:url\" content=\"https:\/\/gopunta.uy\/noticias\/2023\/07\/07\/frances-co-el-emprendimiento-de-un-frances-radicado-en-punta-del-este\/\" \/>\n<meta property=\"og:site_name\" content=\"Noticias - GoPunta - Portal Inmobiliario de Punta del Este - Maldonado\" \/>\n<meta property=\"article:published_time\" content=\"2023-07-07T13:04:50+00:00\" \/>\n<meta property=\"article:modified_time\" content=\"2023-07-07T13:04:51+00:00\" \/>\n<meta property=\"og:image\" content=\"https:\/\/gopunta.uy\/noticias\/wp-content\/uploads\/2023\/06\/320970948_520365016727890_997413990274352655_n.jpg\" \/>\n\t<meta property=\"og:image:width\" content=\"1440\" \/>\n\t<meta property=\"og:image:height\" content=\"992\" \/>\n\t<meta property=\"og:image:type\" content=\"image\/jpeg\" \/>\n<meta name=\"author\" content=\"Virginia de los Santos\" \/>\n<meta name=\"twitter:card\" content=\"summary_large_image\" \/>\n<meta name=\"twitter:label1\" content=\"Escrito por\" \/>\n\t<meta name=\"twitter:data1\" content=\"Virginia de los Santos\" \/>\n\t<meta name=\"twitter:label2\" content=\"Tiempo de lectura\" \/>\n\t<meta name=\"twitter:data2\" content=\"2 minutos\" \/>\n<script type=\"application\/ld+json\" class=\"yoast-schema-graph\">{\"@context\":\"https:\/\/schema.org\",\"@graph\":[{\"@type\":\"WebPage\",\"@id\":\"https:\/\/gopunta.uy\/noticias\/2023\/07\/07\/frances-co-el-emprendimiento-de-un-frances-radicado-en-punta-del-este\/\",\"url\":\"https:\/\/gopunta.uy\/noticias\/2023\/07\/07\/frances-co-el-emprendimiento-de-un-frances-radicado-en-punta-del-este\/\",\"name\":\"FRANCES.CO: el emprendimiento de un franc\u00e9s radicado en Punta del Este\",\"isPartOf\":{\"@id\":\"https:\/\/gopunta.uy\/noticias\/#website\"},\"primaryImageOfPage\":{\"@id\":\"https:\/\/gopunta.uy\/noticias\/2023\/07\/07\/frances-co-el-emprendimiento-de-un-frances-radicado-en-punta-del-este\/#primaryimage\"},\"image\":{\"@id\":\"https:\/\/gopunta.uy\/noticias\/2023\/07\/07\/frances-co-el-emprendimiento-de-un-frances-radicado-en-punta-del-este\/#primaryimage\"},\"thumbnailUrl\":\"https:\/\/gopunta.uy\/noticias\/wp-content\/uploads\/2023\/06\/320970948_520365016727890_997413990274352655_n.jpg\",\"datePublished\":\"2023-07-07T13:04:50+00:00\",\"dateModified\":\"2023-07-07T13:04:51+00:00\",\"author\":{\"@id\":\"https:\/\/gopunta.uy\/noticias\/#\/schema\/person\/5106c264cd335a5bef58c3736d6e627b\"},\"breadcrumb\":{\"@id\":\"https:\/\/gopunta.uy\/noticias\/2023\/07\/07\/frances-co-el-emprendimiento-de-un-frances-radicado-en-punta-del-este\/#breadcrumb\"},\"inLanguage\":\"es\",\"potentialAction\":[{\"@type\":\"ReadAction\",\"target\":[\"https:\/\/gopunta.uy\/noticias\/2023\/07\/07\/frances-co-el-emprendimiento-de-un-frances-radicado-en-punta-del-este\/\"]}]},{\"@type\":\"ImageObject\",\"inLanguage\":\"es\",\"@id\":\"https:\/\/gopunta.uy\/noticias\/2023\/07\/07\/frances-co-el-emprendimiento-de-un-frances-radicado-en-punta-del-este\/#primaryimage\",\"url\":\"https:\/\/gopunta.uy\/noticias\/wp-content\/uploads\/2023\/06\/320970948_520365016727890_997413990274352655_n.jpg\",\"contentUrl\":\"https:\/\/gopunta.uy\/noticias\/wp-content\/uploads\/2023\/06\/320970948_520365016727890_997413990274352655_n.jpg\",\"width\":1440,\"height\":992},{\"@type\":\"BreadcrumbList\",\"@id\":\"https:\/\/gopunta.uy\/noticias\/2023\/07\/07\/frances-co-el-emprendimiento-de-un-frances-radicado-en-punta-del-este\/#breadcrumb\",\"itemListElement\":[{\"@type\":\"ListItem\",\"position\":1,\"name\":\"Inicio\",\"item\":\"https:\/\/gopunta.uy\/noticias\/\"},{\"@type\":\"ListItem\",\"position\":2,\"name\":\"FRANCES.CO: el emprendimiento de un franc\u00e9s radicado en Punta del Este\"}]},{\"@type\":\"WebSite\",\"@id\":\"https:\/\/gopunta.uy\/noticias\/#website\",\"url\":\"https:\/\/gopunta.uy\/noticias\/\",\"name\":\"Noticias - GoPunta - Portal Inmobiliario de Punta del Este - Maldonado\",\"description\":\"Noticias del Portal Inmobiliario GoPunta\",\"potentialAction\":[{\"@type\":\"SearchAction\",\"target\":{\"@type\":\"EntryPoint\",\"urlTemplate\":\"https:\/\/gopunta.uy\/noticias\/?s={search_term_string}\"},\"query-input\":{\"@type\":\"PropertyValueSpecification\",\"valueRequired\":true,\"valueName\":\"search_term_string\"}}],\"inLanguage\":\"es\"},{\"@type\":\"Person\",\"@id\":\"https:\/\/gopunta.uy\/noticias\/#\/schema\/person\/5106c264cd335a5bef58c3736d6e627b\",\"name\":\"Virginia de los Santos\"}]}<\/script>\n<!-- \/ Yoast SEO plugin. -->","yoast_head_json":{"title":"FRANCES.CO: el emprendimiento de un franc\u00e9s radicado en Punta del Este","robots":{"index":"index","follow":"follow","max-snippet":"max-snippet:-1","max-image-preview":"max-image-preview:large","max-video-preview":"max-video-preview:-1"},"canonical":"https:\/\/gopunta.uy\/noticias\/2023\/07\/07\/frances-co-el-emprendimiento-de-un-frances-radicado-en-punta-del-este\/","og_locale":"es_ES","og_type":"article","og_title":"FRANCES.CO: el emprendimiento de un franc\u00e9s radicado en Punta del Este","og_description":"Romuald Chapuy es c\u00f3nsul honorario de Francia en Maldonado y empresario que hace m\u00e1s de 25 a\u00f1os encontr\u00f3 su hogar en las hermosas costas de Punta del Este. En la [&hellip;]","og_url":"https:\/\/gopunta.uy\/noticias\/2023\/07\/07\/frances-co-el-emprendimiento-de-un-frances-radicado-en-punta-del-este\/","og_site_name":"Noticias - GoPunta - Portal Inmobiliario de Punta del Este - Maldonado","article_published_time":"2023-07-07T13:04:50+00:00","article_modified_time":"2023-07-07T13:04:51+00:00","og_image":[{"width":1440,"height":992,"url":"https:\/\/gopunta.uy\/noticias\/wp-content\/uploads\/2023\/06\/320970948_520365016727890_997413990274352655_n.jpg","type":"image\/jpeg"}],"author":"Virginia de los Santos","twitter_card":"summary_large_image","twitter_misc":{"Escrito por":"Virginia de los Santos","Tiempo de lectura":"2 minutos"},"schema":{"@context":"https:\/\/schema.org","@graph":[{"@type":"WebPage","@id":"https:\/\/gopunta.uy\/noticias\/2023\/07\/07\/frances-co-el-emprendimiento-de-un-frances-radicado-en-punta-del-este\/","url":"https:\/\/gopunta.uy\/noticias\/2023\/07\/07\/frances-co-el-emprendimiento-de-un-frances-radicado-en-punta-del-este\/","name":"FRANCES.CO: el emprendimiento de un franc\u00e9s radicado en Punta del Este","isPartOf":{"@id":"https:\/\/gopunta.uy\/noticias\/#website"},"primaryImageOfPage":{"@id":"https:\/\/gopunta.uy\/noticias\/2023\/07\/07\/frances-co-el-emprendimiento-de-un-frances-radicado-en-punta-del-este\/#primaryimage"},"image":{"@id":"https:\/\/gopunta.uy\/noticias\/2023\/07\/07\/frances-co-el-emprendimiento-de-un-frances-radicado-en-punta-del-este\/#primaryimage"},"thumbnailUrl":"https:\/\/gopunta.uy\/noticias\/wp-content\/uploads\/2023\/06\/320970948_520365016727890_997413990274352655_n.jpg","datePublished":"2023-07-07T13:04:50+00:00","dateModified":"2023-07-07T13:04:51+00:00","author":{"@id":"https:\/\/gopunta.uy\/noticias\/#\/schema\/person\/5106c264cd335a5bef58c3736d6e627b"},"breadcrumb":{"@id":"https:\/\/gopunta.uy\/noticias\/2023\/07\/07\/frances-co-el-emprendimiento-de-un-frances-radicado-en-punta-del-este\/#breadcrumb"},"inLanguage":"es","potentialAction":[{"@type":"ReadAction","target":["https:\/\/gopunta.uy\/noticias\/2023\/07\/07\/frances-co-el-emprendimiento-de-un-frances-radicado-en-punta-del-este\/"]}]},{"@type":"ImageObject","inLanguage":"es","@id":"https:\/\/gopunta.uy\/noticias\/2023\/07\/07\/frances-co-el-emprendimiento-de-un-frances-radicado-en-punta-del-este\/#primaryimage","url":"https:\/\/gopunta.uy\/noticias\/wp-content\/uploads\/2023\/06\/320970948_520365016727890_997413990274352655_n.jpg","contentUrl":"https:\/\/gopunta.uy\/noticias\/wp-content\/uploads\/2023\/06\/320970948_520365016727890_997413990274352655_n.jpg","width":1440,"height":992},{"@type":"BreadcrumbList","@id":"https:\/\/gopunta.uy\/noticias\/2023\/07\/07\/frances-co-el-emprendimiento-de-un-frances-radicado-en-punta-del-este\/#breadcrumb","itemListElement":[{"@type":"ListItem","position":1,"name":"Inicio","item":"https:\/\/gopunta.uy\/noticias\/"},{"@type":"ListItem","position":2,"name":"FRANCES.CO: el emprendimiento de un franc\u00e9s radicado en Punta del Este"}]},{"@type":"WebSite","@id":"https:\/\/gopunta.uy\/noticias\/#website","url":"https:\/\/gopunta.uy\/noticias\/","name":"Noticias - GoPunta - Portal Inmobiliario de Punta del Este - Maldonado","description":"Noticias del Portal Inmobiliario GoPunta","potentialAction":[{"@type":"SearchAction","target":{"@type":"EntryPoint","urlTemplate":"https:\/\/gopunta.uy\/noticias\/?s={search_term_string}"},"query-input":{"@type":"PropertyValueSpecification","valueRequired":true,"valueName":"search_term_string"}}],"inLanguage":"es"},{"@type":"Person","@id":"https:\/\/gopunta.uy\/noticias\/#\/schema\/person\/5106c264cd335a5bef58c3736d6e627b","name":"Virginia de los Santos"}]}},"_links":{"self":[{"href":"https:\/\/gopunta.uy\/noticias\/wp-json\/wp\/v2\/posts\/4848","targetHints":{"allow":["GET"]}}],"collection":[{"href":"https:\/\/gopunta.uy\/noticias\/wp-json\/wp\/v2\/posts"}],"about":[{"href":"https:\/\/gopunta.uy\/noticias\/wp-json\/wp\/v2\/types\/post"}],"author":[{"embeddable":true,"href":"https:\/\/gopunta.uy\/noticias\/wp-json\/wp\/v2\/users\/3"}],"replies":[{"embeddable":true,"href":"https:\/\/gopunta.uy\/noticias\/wp-json\/wp\/v2\/comments?post=4848"}],"version-history":[{"count":1,"href":"https:\/\/gopunta.uy\/noticias\/wp-json\/wp\/v2\/posts\/4848\/revisions"}],"predecessor-version":[{"id":4857,"href":"https:\/\/gopunta.uy\/noticias\/wp-json\/wp\/v2\/posts\/4848\/revisions\/4857"}],"wp:featuredmedia":[{"embeddable":true,"href":"https:\/\/gopunta.uy\/noticias\/wp-json\/wp\/v2\/media\/4849"}],"wp:attachment":[{"href":"https:\/\/gopunta.uy\/noticias\/wp-json\/wp\/v2\/media?parent=4848"}],"wp:term":[{"taxonomy":"category","embeddable":true,"href":"https:\/\/gopunta.uy\/noticias\/wp-json\/wp\/v2\/categories?post=4848"},{"taxonomy":"post_tag","embeddable":true,"href":"https:\/\/gopunta.uy\/noticias\/wp-json\/wp\/v2\/tags?post=4848"}],"curies":[{"name":"wp","href":"https:\/\/api.w.org\/{rel}","templated":true}]}}